{"id":118,"date":"2020-06-24T08:41:48","date_gmt":"2020-06-24T08:41:48","guid":{"rendered":"https:\/\/gruene-limburg.de\/?p=118"},"modified":"2020-06-24T09:02:32","modified_gmt":"2020-06-24T09:02:32","slug":"ortsverbandssitzung","status":"publish","type":"post","link":"https:\/\/gruene-limburg.de\/index.php\/2020\/06\/24\/ortsverbandssitzung\/","title":{"rendered":"Ortsverbandssitzung"},"content":{"rendered":"\n<p>Sabi\u00adne Wirth und Sebas\u00adti\u00adan Schaub laden ein zur <strong>Orts\u00adver\u00adbands\u00adsit\u00adzung<\/strong>:<\/p>\n\n\n\n<p> <strong>Diens\u00adtag, 30. Juni 2020, 19:30 Uhr, Stadt\u00adhal\u00adle Lim\u00adburg \u2011Club\u00adebe\u00adne<\/strong><\/p>\n\n\n\n<p>Wegen der Coro\u00adna Rege\u00adlun\u00adgen fin\u00addet das Tref\u00adfen in der Stadt\u00adhal\u00adle Lim\u00adburg in der Club\u00adebe\u00adne statt. So k\u00f6n\u00adnen alle Hygie\u00adne- &nbsp;und Abstands\u00adre\u00adge\u00adlun\u00adgen ein\u00adge\u00adhal\u00adten werden.<\/p>\n\n\n\n<pre class=\"wp-block-preformatted\"><strong>Tagesordnung:<\/strong>\n1. Begr\u00fc\u00dfung\n2. Leben in Coronazeiten: Situation und Ausblick\n3. Bericht Ortsbeir\u00e4te und Fraktion\n4. B\u00fcrgerentscheid \u201ePlatanen auf dem Neumarkt\u201c: \n      Wie k\u00f6nnen wir da unterst\u00fctzend t\u00e4tig werden?\n5. Gr\u00fcne Pr\u00e4senz in der \u00d6ffentlichkeit: \n      Gr\u00fcnspecht und Pressearbeit\n6. Kommunalwahl 2021: \n      Terminplan, Listenaufstellung,Wahlkampfgruppe,\n      Wahlprogramm\n7. B\u00fcrgermeisterwahl 2021\n8. Neubaugebiet Blumenrod \u2013 Sachstand und Diskussion\n9. Verschiedenes<\/pre>\n","protected":false},"excerpt":{"rendered":"<p>Sabi\u00adne Wirth und Sebas\u00adti\u00adan Schaub laden ein zur Orts\u00adver\u00adbands\u00adsit\u00adzung: Diens\u00adtag, 30. Juni 2020, 19:30 Uhr, Stadt\u00adhal\u00adle Lim\u00adburg \u2011Club\u00adebe\u00adne Wegen der Coro\u00adna Rege\u00adlun\u00adgen fin\u00addet das Tref\u00adfen in der Stadt\u00adhal\u00adle Lim\u00adburg&nbsp;in&nbsp;[\u2026]<\/p>\n","protected":false},"author":-1,"featured_media":0,"comment_status":"closed","ping_status":"closed","sticky":false,"template":"","format":"standard","meta":{"wp_typography_post_enhancements_disabled":false,"footnotes":""},"categories":[3],"tags":[],"class_list":["post-118","post","type-post","status-publish","format-standard","hentry","category-nachricht-fuer-mitglieder"],"_links":{"self":[{"href":"https:\/\/gruene-limburg.de\/index.php\/wp-json\/wp\/v2\/posts\/118","targetHints":{"allow":["GET"]}}],"collection":[{"href":"https:\/\/gruene-limburg.de\/index.php\/wp-json\/wp\/v2\/posts"}],"about":[{"href":"https:\/\/gruene-limburg.de\/index.php\/wp-json\/wp\/v2\/types\/post"}],"author":[{"embeddable":true,"href":"https:\/\/gruene-limburg.de\/index.php\/wp-json\/wp\/v2\/users\/1"}],"replies":[{"embeddable":true,"href":"https:\/\/gruene-limburg.de\/index.php\/wp-json\/wp\/v2\/comments?post=118"}],"version-history":[{"count":3,"href":"https:\/\/gruene-limburg.de\/index.php\/wp-json\/wp\/v2\/posts\/118\/revisions"}],"predecessor-version":[{"id":122,"href":"https:\/\/gruene-limburg.de\/index.php\/wp-json\/wp\/v2\/posts\/118\/revisions\/122"}],"wp:attachment":[{"href":"https:\/\/gruene-limburg.de\/index.php\/wp-json\/wp\/v2\/media?parent=118"}],"wp:term":[{"taxonomy":"category","embeddable":true,"href":"https:\/\/gruene-limburg.de\/index.php\/wp-json\/wp\/v2\/categories?post=118"},{"taxonomy":"post_tag","embeddable":true,"href":"https:\/\/gruene-limburg.de\/index.php\/wp-json\/wp\/v2\/tags?post=118"}],"curies":[{"name":"wp","href":"https:\/\/api.w.org\/{rel}","templated":true}]}}